{"id":27,"date":"2021-04-28T10:56:20","date_gmt":"2021-04-28T08:56:20","guid":{"rendered":"https:\/\/www.world-4u.com\/en\/w4u\/en\/?p=27"},"modified":"2021-04-28T10:56:22","modified_gmt":"2021-04-28T08:56:22","slug":"private-eco-hike-through-madeira-island-5d","status":"publish","type":"post","link":"https:\/\/www.world-4u.com\/en\/2021\/04\/28\/private-eco-hike-through-madeira-island-5d\/","title":{"rendered":"Private Eco Hike Through Madeira Island -5D"},"content":{"rendered":"\n<p class=\"has-normal-font-size\">\u00c0 partir de <strong>1.170,00<\/strong> <strong>EUR<\/strong><\/p>\n\n\n\n<p>L&#8217;\u00e9quipe de <a href=\"https:\/\/www.world-4u.com\/lequipe\/\">World-4U<\/a> vous emm\u00e8ne faire une randonn\u00e9e \u00e9cologique \u00e0 travers l&#8217;\u00eele de Mad\u00e8re. Cette oasis de verdure lusophone, surnomm\u00e9e \u00ab l&#8217;\u00cele aux fleurs\u00bb, pos\u00e9e sur l\u2019oc\u00e9an Atlantique dissimule des paysages luxuriants. Tout \u00e0 la fois divers et fascinants, o\u00f9 r\u00e8gne un climat constamment printanier. En plus d\u2019abriter des paysages naturels spectaculaires, d\u2019immenses montagnes et for\u00eats tropicales, l\u2019archipel mad\u00e9rois est \u00e9galement la demeure d\u2019une population extr\u00eamement accueillante. Qui refl\u00e8te parfaitement l\u2019attitude d\u00e9contract\u00e9e des Portugais. UNE destination \u00e9co-responsable par excellence !<\/p>\n\n\n\n<h2 class=\"wp-block-heading\">Randonn\u00e9e \u00e9cologique priv\u00e9e \u00e0 travers l&#8217;\u00eele de Mad\u00e8re<\/h2>\n\n\n\n<p>Propice aux balades jalonn\u00e9es d&#8217;une importante flore end\u00e9mique, dont l&#8217;<em>agave \u00e0 cou de cygne<\/em>, symbole de l&#8217;\u00eele, vous partirez chaque matin pour une randonn\u00e9e accompagn\u00e9e. Celles-ci passent par de nombreux sentiers, appel\u00e9s \u00ab levadas \u00bb. Des canaux d&#8217;irrigation qui m\u00e8nent vers pics et cascades \u00e0 travers la v\u00e9g\u00e9tation. Si vous n\u2019\u00eates pas randonneurs, le v\u00e9lo, voire le v\u00e9lo \u00e9lectrique, et VTT sont \u00e0 votre disposition. Une fa\u00e7on d&#8217;allier, \u00e0 chaque fois, d\u00e9couvertes extr\u00eames et \u00e9co-tourisme.<\/p>\n\n\n\n<div class=\"wp-block-coblocks-gallery-masonry\"><div class=\"coblocks-gallery has-no-alignment has-caption-style-dark has-gutter has-lightbox\"><ul class=\"has-grid-xlrg has-gutter-15 has-gutter-mobile-15\"><li class=\"coblocks-gallery--item coblocks-animate\" data-coblocks-animation=\"slideInBottom\"><figure class=\"coblocks-gallery--figure\"><img decoding=\"async\" src=\"https:\/\/www.world-4u.com\/en\/w4u\/wp-content\/uploads\/2021\/04\/W4U_IleMadere_Fleurs_Fleurs_.png\" alt=\"Arbre en fleurs, Jardin botanique, Funchal\" data-id=\"229\" data-imglink=\"\" data-link=\"https:\/\/www.world-4u.com\/en\/w4u\/?attachment_id=229\" class=\"wp-image-229\"\/><figcaption class=\"coblocks-gallery--caption\">Arbre en fleurs<\/figcaption><\/figure><\/li><li class=\"coblocks-gallery--item coblocks-animate\" data-coblocks-animation=\"slideInBottom\"><figure class=\"coblocks-gallery--figure\"><img decoding=\"async\" src=\"https:\/\/www.world-4u.com\/en\/w4u\/wp-content\/uploads\/2021\/04\/W4U_IleMadere_Fleurs_Fleurs_Agastaches.png\" alt=\"Agastaches, Jardin botanique, Funchal\" data-id=\"231\" data-imglink=\"\" data-link=\"https:\/\/www.world-4u.com\/en\/w4u\/?attachment_id=231\" class=\"wp-image-231\"\/><figcaption class=\"coblocks-gallery--caption\">Agastaches<\/figcaption><\/figure><\/li><li class=\"coblocks-gallery--item coblocks-animate\" data-coblocks-animation=\"slideInBottom\"><figure class=\"coblocks-gallery--figure\"><img decoding=\"async\" src=\"https:\/\/www.world-4u.com\/en\/w4u\/wp-content\/uploads\/2021\/04\/W4U_IleMadere_Fleurs_Fleurs_ViperrineBleue.png\" alt=\"Vip\u00e9rine bleue, Jardin botanique, Funchal\" data-id=\"233\" data-imglink=\"\" data-link=\"https:\/\/www.world-4u.com\/en\/w4u\/?attachment_id=233\" class=\"wp-image-233\"\/><figcaption class=\"coblocks-gallery--caption\">Vip\u00e9rine bleue<\/figcaption><\/figure><\/li><li class=\"coblocks-gallery--item coblocks-animate\" data-coblocks-animation=\"slideInBottom\"><figure class=\"coblocks-gallery--figure\"><img decoding=\"async\" src=\"https:\/\/www.world-4u.com\/en\/w4u\/wp-content\/uploads\/2021\/04\/W4U_IleMadere_Fleurs_Alstroemeres.png\" alt=\"\" data-id=\"235\" data-imglink=\"\" data-link=\"https:\/\/www.world-4u.com\/en\/w4u\/?attachment_id=235\" class=\"wp-image-235\"\/><figcaption class=\"coblocks-gallery--caption\">Alstr\u0153m\u00e8res ou Lis des Incas<\/figcaption><\/figure><\/li><li class=\"coblocks-gallery--item coblocks-animate\" data-coblocks-animation=\"slideInBottom\"><figure class=\"coblocks-gallery--figure\"><img decoding=\"async\" src=\"https:\/\/www.world-4u.com\/en\/w4u\/wp-content\/uploads\/2021\/04\/W4U_IleMadere_Fleurs_Fleurs2.png\" alt=\"\" data-id=\"237\" data-imglink=\"\" data-link=\"https:\/\/www.world-4u.com\/en\/w4u\/?attachment_id=237\" class=\"wp-image-237\"\/><figcaption class=\"coblocks-gallery--caption\">Fleurs, Mad\u00e8re<\/figcaption><\/figure><\/li><\/ul><\/div><\/div>\n\n\n\n<ul class=\"wp-block-list\"><li><em>Vol international inclus<\/em><\/li><li>5 nuits en h\u00f4tel de caract\u00e8re \u00e0 Funchal, avec petit-d\u00e9jeuner<\/li><li>Une randonn\u00e9e qui vous donnera l&#8217;occasion de traverser des for\u00eats de bruy\u00e8res et de lauriers parmi les plus anciennes existantes. Ces vieux arbres, plus que centenaires, o\u00f9 nichent des pinsons, existaient d\u00e9j\u00e0 lorsque le navigateur portugais Jo\u00e3o Gon\u00e7alves Zarco da C\u00e2mara est arriv\u00e9 sur l&#8217;\u00eele, en 1425. Vous emprunterez de petits tunnels de verdure pour rejoindre d&#8217;incroyables cascades. Ils convergent tous jusqu&#8217;au sommet de l&#8217;\u00eele pour une vue imprenable \u00e0 360\u00b0 ! Vous redescendrez par une lagune situ\u00e9e au fond d&#8217;un rocher d&#8217;o\u00f9 surgissent 25 fontaines. Avant de terminer par la visite d&#8217;un charmant village install\u00e9 juste au-dessus des c\u00e9l\u00e8bres piscines naturelles mad\u00e9roises. De l\u00e0, vous vous sentirez vraiment au milieu de l\u2019Atlantique.<\/li><\/ul>\n\n\n\n<div class=\"wp-block-image coblocks-animate\" data-coblocks-animation=\"slideInBottom\"><figure class=\"aligncenter size-large\"><img decoding=\"async\" src=\"https:\/\/www.world-4u.com\/en\/w4u\/wp-content\/uploads\/2021\/04\/W4U_IleMadere_MaisonHobbit.png\" alt=\"\" class=\"wp-image-239\"\/><figcaption>Maison typique de Santana<\/figcaption><\/figure><\/div>\n\n\n\n<div style=\"height:30px\" aria-hidden=\"true\" class=\"wp-block-spacer\"><\/div>\n\n\n\n<h2 class=\"wp-block-heading\">Travers\u00e9e \u00e9co-touristique au Portugal avec World-4U<\/h2>\n\n\n\n<p>Ce s\u00e9jour s\u2019inscrit dans une d\u00e9marche \u00e9co-responsable, comprenant le versement d\u2019une quote-part pour la plantation d&#8217;un arbre au nom de chaque participant, dans le cadre d&#8217;un programme de reforestation.<\/p>\n\n\n\n<p>Votre contribution nous&nbsp; permet ensemble de contribuer \u00e0 ces actions, en intervenant dans le domaine humanitaire et la conservation de la biodiversit\u00e9.<\/p>\n\n\n\n<h3 class=\"wp-block-heading\">Formalit\u00e9s pour les ressortissants fran\u00e7ais &#8211; Randonn\u00e9e \u00e9cologique priv\u00e9e \u00e0 travers l&#8217;\u00eele de Mad\u00e8re<\/h3>\n\n\n\n<ul class=\"wp-block-list\"><li>La carte nationale d&#8217;identit\u00e9 (CNI)* ou passeport en cours de validit\u00e9 suffit pour les ressortissants de l&#8217;Union europ\u00e9enne et la Suisse.<\/li><\/ul>\n\n\n\n<p class=\"has-small-font-size\"><em>* Le Portugal ne s&#8217;est toujours pas prononc\u00e9 au sujet des CNI fran\u00e7aises d\u00e9livr\u00e9es entre le 01\/01\/2004 et le 01\/12\/2013. Automatiquement prorog\u00e9es de 5 ans. Le passeport, \u00e0 d\u00e9faut d&#8217;une CNI r\u00e9cente, est donc vivement recommand\u00e9.<\/em><\/p>\n\n\n\n<h3 class=\"wp-block-heading\">Sant\u00e9<\/h3>\n\n\n\n<ul class=\"wp-block-list\"><li>Test PCR n\u00e9gatif datant de moins de 72 h<sup>+<\/sup><\/li><li>Inscription sur l&#8217;application <a href=\"https:\/\/madeirasafe.com\/#\/login\" target=\"_blank\" rel=\"noreferrer noopener\">https:\/\/madeirasafe.com\/#\/login<\/a> 48 h au moins avant le d\u00e9part (code QR \u00e0 montrer \u00e0 l&#8217;arriv\u00e9e).<\/li><\/ul>\n\n\n\n<p class=\"has-small-font-size\"><em><sup>+<\/sup>Les voyageurs ayant re\u00e7u deux doses de vaccin ont acc\u00e8s \u00e0 l&#8217;\u00eele (couloir vert) sans test PCR. Ils doivent toutefois s&#8217;inscrire sur l&#8217;application et effectuer un test PCR \u00e0 72 h du d\u00e9part pour pouvoir rentrer en France.<\/em><\/p>\n\n\n\n<div class=\"wp-block-coblocks-alert is-style-error\" style=\"background-color:;color:\"><p class=\"wp-block-coblocks-alert__title\"><strong>Important<\/strong><\/p><p class=\"wp-block-coblocks-alert__text\">Les r\u00e9sidents fran\u00e7ais, en transit \u00e0 l&#8217;a\u00e9roport de Lisbonne, destination Mad\u00e8re, ne sont actuellement pas autoris\u00e9s \u00e0 sortir de l&#8217;a\u00e9roport. Ils devront patienter dans une salle pr\u00e9vue \u00e0 cet effet.&nbsp;<\/p><\/div>\n\n\n\n<div style=\"height:30px\" aria-hidden=\"true\" class=\"wp-block-spacer\"><\/div>\n\n\n\n<div class=\"wp-block-coblocks-alert has-text-align-center is-style-success\" style=\"background-color:;color:\"><p class=\"wp-block-coblocks-alert__title\"><strong>Renseignements et inscription aupr\u00e8s de :<\/strong><\/p><p class=\"wp-block-coblocks-alert__text\"><br><strong>Katherine BEAU<\/strong><br>T\u00e9l. : 06 0918 1410<br>ou<br><strong>Philippe MARTINEAU<\/strong><br>T\u00e9l. : 06 4169 6824<br>E-mail : <a href=\"mailto:contact@world-4u.com\">contact@world-4u.com<\/a><\/p><\/div>\n\n\n\n<div style=\"height:30px\" aria-hidden=\"true\" class=\"wp-block-spacer\"><\/div>\n\n\n\n<div class=\"wp-block-buttons is-content-justification-right is-layout-flex wp-block-buttons-is-layout-flex\">\n<div class=\"wp-block-button\"><a class=\"wp-block-button__link has-theme-primary-background-color has-text-color has-background\" style=\"border-radius:2px;color:#fffffa\">En savoir plus<\/a><\/div>\n\n\n\n<div class=\"wp-block-button is-style-outline is-style-outline--1\"><a class=\"wp-block-button__link has-theme-primary-color has-text-color\" style=\"border-radius:2px\">R\u00e9server maintenant<\/a><\/div>\n<\/div>\n","protected":false},"excerpt":{"rendered":"<p>L&#8217;\u00e9quipe de World-4U vous emm\u00e8ne effectuer une randonn\u00e9e \u00e9cologique priv\u00e9e \u00e0 travers l&#8217;\u00eele de Mad\u00e8re. L&#8217;\u00eele de l&#8217;\u00e9ternel printemps<\/p>\n","protected":false},"author":1,"featured_media":0,"comment_status":"closed","ping_status":"closed","sticky":false,"template":"","format":"standard","meta":{"_editorskit_title_hidden":false,"_editorskit_reading_time":0,"_editorskit_is_block_options_detached":false,"_editorskit_block_options_position":"{}","_coblocks_attr":"","_coblocks_dimensions":"","_coblocks_responsive_height":"","_coblocks_accordion_ie_support":"","_genesis_hide_title":false,"_genesis_hide_breadcrumbs":false,"_genesis_hide_singular_image":false,"_genesis_hide_footer_widgets":false,"_genesis_custom_body_class":"","_genesis_custom_post_class":"","_genesis_layout":"content-sidebar","footnotes":""},"categories":[3,13],"tags":[9,11],"class_list":{"0":"post-27","1":"post","2":"type-post","3":"status-publish","4":"format-standard","6":"category-offer","7":"category-unusual-travel","8":"tag-solidaire","9":"tag-sur-mesure","10":"entry"},"yoast_head":"<!-- This site is optimized with the Yoast SEO plugin v27.5 - https:\/\/yoast.com\/product\/yoast-seo-wordpress\/ -->\n<title>Private Eco Hike Through Madeira Island -5D - World-4U en<\/title>\n<meta name=\"robots\" content=\"index, follow, max-snippet:-1, max-image-preview:large, max-video-preview:-1\" \/>\n<link rel=\"canonical\" href=\"https:\/\/www.world-4u.com\/en\/2021\/04\/28\/private-eco-hike-through-madeira-island-5d\/\" \/>\n<meta property=\"og:locale\" content=\"en_GB\" \/>\n<meta property=\"og:type\" content=\"article\" \/>\n<meta property=\"og:title\" content=\"Private Eco Hike Through Madeira Island -5D - World-4U en\" \/>\n<meta property=\"og:description\" content=\"L&#039;\u00e9quipe de World-4U vous emm\u00e8ne effectuer une randonn\u00e9e \u00e9cologique priv\u00e9e \u00e0 travers l&#039;\u00eele de Mad\u00e8re. L&#039;\u00eele de l&#039;\u00e9ternel printemps\" \/>\n<meta property=\"og:url\" content=\"https:\/\/www.world-4u.com\/en\/2021\/04\/28\/private-eco-hike-through-madeira-island-5d\/\" \/>\n<meta property=\"og:site_name\" content=\"World-4U en\" \/>\n<meta property=\"article:published_time\" content=\"2021-04-28T08:56:20+00:00\" \/>\n<meta property=\"article:modified_time\" content=\"2021-04-28T08:56:22+00:00\" \/>\n<meta property=\"og:image\" content=\"https:\/\/www.world-4u.com\/en\/w4u\/wp-content\/uploads\/2021\/04\/W4U_IleMadere_Fleurs_Fleurs_.png\" \/>\n<meta name=\"author\" content=\"thomas\" \/>\n<meta name=\"twitter:card\" content=\"summary_large_image\" \/>\n<meta name=\"twitter:label1\" content=\"Written by\" \/>\n\t<meta name=\"twitter:data1\" content=\"thomas\" \/>\n\t<meta name=\"twitter:label2\" content=\"Estimated reading time\" \/>\n\t<meta name=\"twitter:data2\" content=\"3 minutes\" \/>\n<script type=\"application\/ld+json\" class=\"yoast-schema-graph\">{\"@context\":\"https:\\\/\\\/schema.org\",\"@graph\":[{\"@type\":\"Article\",\"@id\":\"https:\\\/\\\/www.world-4u.com\\\/en\\\/2021\\\/04\\\/28\\\/private-eco-hike-through-madeira-island-5d\\\/#article\",\"isPartOf\":{\"@id\":\"https:\\\/\\\/www.world-4u.com\\\/en\\\/2021\\\/04\\\/28\\\/private-eco-hike-through-madeira-island-5d\\\/\"},\"author\":{\"name\":\"thomas\",\"@id\":\"https:\\\/\\\/www.world-4u.com\\\/en\\\/#\\\/schema\\\/person\\\/6176bfc34a32e5361c6ab1b6cb0d3c43\"},\"headline\":\"Private Eco Hike Through Madeira Island -5D\",\"datePublished\":\"2021-04-28T08:56:20+00:00\",\"dateModified\":\"2021-04-28T08:56:22+00:00\",\"mainEntityOfPage\":{\"@id\":\"https:\\\/\\\/www.world-4u.com\\\/en\\\/2021\\\/04\\\/28\\\/private-eco-hike-through-madeira-island-5d\\\/\"},\"wordCount\":655,\"publisher\":{\"@id\":\"https:\\\/\\\/www.world-4u.com\\\/en\\\/#organization\"},\"image\":{\"@id\":\"https:\\\/\\\/www.world-4u.com\\\/en\\\/2021\\\/04\\\/28\\\/private-eco-hike-through-madeira-island-5d\\\/#primaryimage\"},\"thumbnailUrl\":\"https:\\\/\\\/www.world-4u.com\\\/en\\\/w4u\\\/wp-content\\\/uploads\\\/2021\\\/04\\\/W4U_IleMadere_Fleurs_Fleurs_.png\",\"keywords\":[\"Solidaire\",\"sur-mesure\"],\"articleSection\":[\"Offer\",\"Unusual Travel\"],\"inLanguage\":\"en-GB\"},{\"@type\":\"WebPage\",\"@id\":\"https:\\\/\\\/www.world-4u.com\\\/en\\\/2021\\\/04\\\/28\\\/private-eco-hike-through-madeira-island-5d\\\/\",\"url\":\"https:\\\/\\\/www.world-4u.com\\\/en\\\/2021\\\/04\\\/28\\\/private-eco-hike-through-madeira-island-5d\\\/\",\"name\":\"Private Eco Hike Through Madeira Island -5D - World-4U en\",\"isPartOf\":{\"@id\":\"https:\\\/\\\/www.world-4u.com\\\/en\\\/#website\"},\"primaryImageOfPage\":{\"@id\":\"https:\\\/\\\/www.world-4u.com\\\/en\\\/2021\\\/04\\\/28\\\/private-eco-hike-through-madeira-island-5d\\\/#primaryimage\"},\"image\":{\"@id\":\"https:\\\/\\\/www.world-4u.com\\\/en\\\/2021\\\/04\\\/28\\\/private-eco-hike-through-madeira-island-5d\\\/#primaryimage\"},\"thumbnailUrl\":\"https:\\\/\\\/www.world-4u.com\\\/en\\\/w4u\\\/wp-content\\\/uploads\\\/2021\\\/04\\\/W4U_IleMadere_Fleurs_Fleurs_.png\",\"datePublished\":\"2021-04-28T08:56:20+00:00\",\"dateModified\":\"2021-04-28T08:56:22+00:00\",\"breadcrumb\":{\"@id\":\"https:\\\/\\\/www.world-4u.com\\\/en\\\/2021\\\/04\\\/28\\\/private-eco-hike-through-madeira-island-5d\\\/#breadcrumb\"},\"inLanguage\":\"en-GB\",\"potentialAction\":[{\"@type\":\"ReadAction\",\"target\":[\"https:\\\/\\\/www.world-4u.com\\\/en\\\/2021\\\/04\\\/28\\\/private-eco-hike-through-madeira-island-5d\\\/\"]}]},{\"@type\":\"ImageObject\",\"inLanguage\":\"en-GB\",\"@id\":\"https:\\\/\\\/www.world-4u.com\\\/en\\\/2021\\\/04\\\/28\\\/private-eco-hike-through-madeira-island-5d\\\/#primaryimage\",\"url\":\"https:\\\/\\\/www.world-4u.com\\\/en\\\/w4u\\\/wp-content\\\/uploads\\\/2021\\\/04\\\/W4U_IleMadere_Fleurs_Fleurs_.png\",\"contentUrl\":\"https:\\\/\\\/www.world-4u.com\\\/en\\\/w4u\\\/wp-content\\\/uploads\\\/2021\\\/04\\\/W4U_IleMadere_Fleurs_Fleurs_.png\"},{\"@type\":\"BreadcrumbList\",\"@id\":\"https:\\\/\\\/www.world-4u.com\\\/en\\\/2021\\\/04\\\/28\\\/private-eco-hike-through-madeira-island-5d\\\/#breadcrumb\",\"itemListElement\":[{\"@type\":\"ListItem\",\"position\":1,\"name\":\"Home\",\"item\":\"https:\\\/\\\/www.world-4u.com\\\/en\\\/\"},{\"@type\":\"ListItem\",\"position\":2,\"name\":\"Private Eco Hike Through Madeira Island -5D\"}]},{\"@type\":\"WebSite\",\"@id\":\"https:\\\/\\\/www.world-4u.com\\\/en\\\/#website\",\"url\":\"https:\\\/\\\/www.world-4u.com\\\/en\\\/\",\"name\":\"World-4U en\",\"description\":\"Tailor-made travels\",\"publisher\":{\"@id\":\"https:\\\/\\\/www.world-4u.com\\\/en\\\/#organization\"},\"potentialAction\":[{\"@type\":\"SearchAction\",\"target\":{\"@type\":\"EntryPoint\",\"urlTemplate\":\"https:\\\/\\\/www.world-4u.com\\\/en\\\/?s={search_term_string}\"},\"query-input\":{\"@type\":\"PropertyValueSpecification\",\"valueRequired\":true,\"valueName\":\"search_term_string\"}}],\"inLanguage\":\"en-GB\"},{\"@type\":\"Organization\",\"@id\":\"https:\\\/\\\/www.world-4u.com\\\/en\\\/#organization\",\"name\":\"World-4U en\",\"url\":\"https:\\\/\\\/www.world-4u.com\\\/en\\\/\",\"logo\":{\"@type\":\"ImageObject\",\"inLanguage\":\"en-GB\",\"@id\":\"https:\\\/\\\/www.world-4u.com\\\/en\\\/#\\\/schema\\\/logo\\\/image\\\/\",\"url\":\"https:\\\/\\\/www.world-4u.com\\\/en\\\/wp-content\\\/uploads\\\/sites\\\/3\\\/2021\\\/05\\\/logo-sans-2021-world4u.png\",\"contentUrl\":\"https:\\\/\\\/www.world-4u.com\\\/en\\\/wp-content\\\/uploads\\\/sites\\\/3\\\/2021\\\/05\\\/logo-sans-2021-world4u.png\",\"width\":383,\"height\":311,\"caption\":\"World-4U en\"},\"image\":{\"@id\":\"https:\\\/\\\/www.world-4u.com\\\/en\\\/#\\\/schema\\\/logo\\\/image\\\/\"}},{\"@type\":\"Person\",\"@id\":\"https:\\\/\\\/www.world-4u.com\\\/en\\\/#\\\/schema\\\/person\\\/6176bfc34a32e5361c6ab1b6cb0d3c43\",\"name\":\"thomas\",\"sameAs\":[\"http:\\\/\\\/staging.b19d.net\\\/w4u\"],\"url\":\"https:\\\/\\\/www.world-4u.com\\\/en\\\/author\\\/thomas\\\/\"}]}<\/script>\n<!-- \/ Yoast SEO plugin. -->","yoast_head_json":{"title":"Private Eco Hike Through Madeira Island -5D - World-4U en","robots":{"index":"index","follow":"follow","max-snippet":"max-snippet:-1","max-image-preview":"max-image-preview:large","max-video-preview":"max-video-preview:-1"},"canonical":"https:\/\/www.world-4u.com\/en\/2021\/04\/28\/private-eco-hike-through-madeira-island-5d\/","og_locale":"en_GB","og_type":"article","og_title":"Private Eco Hike Through Madeira Island -5D - World-4U en","og_description":"L'\u00e9quipe de World-4U vous emm\u00e8ne effectuer une randonn\u00e9e \u00e9cologique priv\u00e9e \u00e0 travers l'\u00eele de Mad\u00e8re. L'\u00eele de l'\u00e9ternel printemps","og_url":"https:\/\/www.world-4u.com\/en\/2021\/04\/28\/private-eco-hike-through-madeira-island-5d\/","og_site_name":"World-4U en","article_published_time":"2021-04-28T08:56:20+00:00","article_modified_time":"2021-04-28T08:56:22+00:00","og_image":[{"url":"https:\/\/www.world-4u.com\/en\/w4u\/wp-content\/uploads\/2021\/04\/W4U_IleMadere_Fleurs_Fleurs_.png","type":"","width":"","height":""}],"author":"thomas","twitter_card":"summary_large_image","twitter_misc":{"Written by":"thomas","Estimated reading time":"3 minutes"},"schema":{"@context":"https:\/\/schema.org","@graph":[{"@type":"Article","@id":"https:\/\/www.world-4u.com\/en\/2021\/04\/28\/private-eco-hike-through-madeira-island-5d\/#article","isPartOf":{"@id":"https:\/\/www.world-4u.com\/en\/2021\/04\/28\/private-eco-hike-through-madeira-island-5d\/"},"author":{"name":"thomas","@id":"https:\/\/www.world-4u.com\/en\/#\/schema\/person\/6176bfc34a32e5361c6ab1b6cb0d3c43"},"headline":"Private Eco Hike Through Madeira Island -5D","datePublished":"2021-04-28T08:56:20+00:00","dateModified":"2021-04-28T08:56:22+00:00","mainEntityOfPage":{"@id":"https:\/\/www.world-4u.com\/en\/2021\/04\/28\/private-eco-hike-through-madeira-island-5d\/"},"wordCount":655,"publisher":{"@id":"https:\/\/www.world-4u.com\/en\/#organization"},"image":{"@id":"https:\/\/www.world-4u.com\/en\/2021\/04\/28\/private-eco-hike-through-madeira-island-5d\/#primaryimage"},"thumbnailUrl":"https:\/\/www.world-4u.com\/en\/w4u\/wp-content\/uploads\/2021\/04\/W4U_IleMadere_Fleurs_Fleurs_.png","keywords":["Solidaire","sur-mesure"],"articleSection":["Offer","Unusual Travel"],"inLanguage":"en-GB"},{"@type":"WebPage","@id":"https:\/\/www.world-4u.com\/en\/2021\/04\/28\/private-eco-hike-through-madeira-island-5d\/","url":"https:\/\/www.world-4u.com\/en\/2021\/04\/28\/private-eco-hike-through-madeira-island-5d\/","name":"Private Eco Hike Through Madeira Island -5D - World-4U en","isPartOf":{"@id":"https:\/\/www.world-4u.com\/en\/#website"},"primaryImageOfPage":{"@id":"https:\/\/www.world-4u.com\/en\/2021\/04\/28\/private-eco-hike-through-madeira-island-5d\/#primaryimage"},"image":{"@id":"https:\/\/www.world-4u.com\/en\/2021\/04\/28\/private-eco-hike-through-madeira-island-5d\/#primaryimage"},"thumbnailUrl":"https:\/\/www.world-4u.com\/en\/w4u\/wp-content\/uploads\/2021\/04\/W4U_IleMadere_Fleurs_Fleurs_.png","datePublished":"2021-04-28T08:56:20+00:00","dateModified":"2021-04-28T08:56:22+00:00","breadcrumb":{"@id":"https:\/\/www.world-4u.com\/en\/2021\/04\/28\/private-eco-hike-through-madeira-island-5d\/#breadcrumb"},"inLanguage":"en-GB","potentialAction":[{"@type":"ReadAction","target":["https:\/\/www.world-4u.com\/en\/2021\/04\/28\/private-eco-hike-through-madeira-island-5d\/"]}]},{"@type":"ImageObject","inLanguage":"en-GB","@id":"https:\/\/www.world-4u.com\/en\/2021\/04\/28\/private-eco-hike-through-madeira-island-5d\/#primaryimage","url":"https:\/\/www.world-4u.com\/en\/w4u\/wp-content\/uploads\/2021\/04\/W4U_IleMadere_Fleurs_Fleurs_.png","contentUrl":"https:\/\/www.world-4u.com\/en\/w4u\/wp-content\/uploads\/2021\/04\/W4U_IleMadere_Fleurs_Fleurs_.png"},{"@type":"BreadcrumbList","@id":"https:\/\/www.world-4u.com\/en\/2021\/04\/28\/private-eco-hike-through-madeira-island-5d\/#breadcrumb","itemListElement":[{"@type":"ListItem","position":1,"name":"Home","item":"https:\/\/www.world-4u.com\/en\/"},{"@type":"ListItem","position":2,"name":"Private Eco Hike Through Madeira Island -5D"}]},{"@type":"WebSite","@id":"https:\/\/www.world-4u.com\/en\/#website","url":"https:\/\/www.world-4u.com\/en\/","name":"World-4U en","description":"Tailor-made travels","publisher":{"@id":"https:\/\/www.world-4u.com\/en\/#organization"},"potentialAction":[{"@type":"SearchAction","target":{"@type":"EntryPoint","urlTemplate":"https:\/\/www.world-4u.com\/en\/?s={search_term_string}"},"query-input":{"@type":"PropertyValueSpecification","valueRequired":true,"valueName":"search_term_string"}}],"inLanguage":"en-GB"},{"@type":"Organization","@id":"https:\/\/www.world-4u.com\/en\/#organization","name":"World-4U en","url":"https:\/\/www.world-4u.com\/en\/","logo":{"@type":"ImageObject","inLanguage":"en-GB","@id":"https:\/\/www.world-4u.com\/en\/#\/schema\/logo\/image\/","url":"https:\/\/www.world-4u.com\/en\/wp-content\/uploads\/sites\/3\/2021\/05\/logo-sans-2021-world4u.png","contentUrl":"https:\/\/www.world-4u.com\/en\/wp-content\/uploads\/sites\/3\/2021\/05\/logo-sans-2021-world4u.png","width":383,"height":311,"caption":"World-4U en"},"image":{"@id":"https:\/\/www.world-4u.com\/en\/#\/schema\/logo\/image\/"}},{"@type":"Person","@id":"https:\/\/www.world-4u.com\/en\/#\/schema\/person\/6176bfc34a32e5361c6ab1b6cb0d3c43","name":"thomas","sameAs":["http:\/\/staging.b19d.net\/w4u"],"url":"https:\/\/www.world-4u.com\/en\/author\/thomas\/"}]}},"featured_image_src":null,"featured_image_src_square":null,"author_info":{"display_name":"thomas","author_link":"https:\/\/www.world-4u.com\/en\/author\/thomas\/"},"_links":{"self":[{"href":"https:\/\/www.world-4u.com\/en\/wp-json\/wp\/v2\/posts\/27","targetHints":{"allow":["GET"]}}],"collection":[{"href":"https:\/\/www.world-4u.com\/en\/wp-json\/wp\/v2\/posts"}],"about":[{"href":"https:\/\/www.world-4u.com\/en\/wp-json\/wp\/v2\/types\/post"}],"author":[{"embeddable":true,"href":"https:\/\/www.world-4u.com\/en\/wp-json\/wp\/v2\/users\/1"}],"replies":[{"embeddable":true,"href":"https:\/\/www.world-4u.com\/en\/wp-json\/wp\/v2\/comments?post=27"}],"version-history":[{"count":3,"href":"https:\/\/www.world-4u.com\/en\/wp-json\/wp\/v2\/posts\/27\/revisions"}],"predecessor-version":[{"id":123,"href":"https:\/\/www.world-4u.com\/en\/wp-json\/wp\/v2\/posts\/27\/revisions\/123"}],"wp:attachment":[{"href":"https:\/\/www.world-4u.com\/en\/wp-json\/wp\/v2\/media?parent=27"}],"wp:term":[{"taxonomy":"category","embeddable":true,"href":"https:\/\/www.world-4u.com\/en\/wp-json\/wp\/v2\/categories?post=27"},{"taxonomy":"post_tag","embeddable":true,"href":"https:\/\/www.world-4u.com\/en\/wp-json\/wp\/v2\/tags?post=27"}],"curies":[{"name":"wp","href":"https:\/\/api.w.org\/{rel}","templated":true}]}}